{"id":37255,"date":"2021-07-09T10:13:19","date_gmt":"2021-07-09T09:13:19","guid":{"rendered":"http:\/\/www.galerieflak.com\/?p=37255"},"modified":"2022-04-01T17:03:49","modified_gmt":"2022-04-01T16:03:49","slug":"parcours-des-mondes-2021","status":"publish","type":"post","link":"https:\/\/www.galerieflak.com\/en\/parcours-des-mondes-2021\/","title":{"rendered":"Parcours des Mondes 2021"},"content":{"rendered":"","protected":false},"excerpt":{"rendered":"","protected":false},"author":2,"featured_media":37256,"comment_status":"closed","ping_status":"open","sticky":false,"template":"","format":"standard","meta":{"_acf_changed":false,"footnotes":""},"categories":[1318,24],"tags":[116,127,546,1572,656,110,650,1574,1531,113,801,977,511,1556,170,1287,199,176,1573,973,177],"class_list":["post-37255","post","type-post","status-publish","format-standard","has-post-thumbnail","hentry","category-archives-exposition","category-exposition","tag-alaska","tag-amerindien","tag-amerique-du-nord","tag-arctic-dreams","tag-art-amerindien","tag-eskimo","tag-fair","tag-far-north","tag-grand-nord","tag-inuit","tag-native-american","tag-native-american-art","tag-north-america","tag-north-american-art","tag-okvik","tag-parcours","tag-parcours-des-mondes","tag-punuk","tag-reves-arctiques","tag-show","tag-thule"],"acf":[],"yoast_head":"<!-- This site is optimized with the Yoast SEO plugin v28.3 - https:\/\/yoast.com\/product\/yoast-seo-wordpress\/ -->\n<title>Parcours des Mondes 2021 - Galerie Flak<\/title>\n<meta name=\"robots\" content=\"index, follow, max-snippet:-1, max-image-preview:large, max-video-preview:-1\" \/>\n<link rel=\"canonical\" href=\"https:\/\/www.galerieflak.com\/en\/?p=37255\" \/>\n<meta property=\"og:locale\" content=\"en_US\" \/>\n<meta property=\"og:type\" content=\"article\" \/>\n<meta property=\"og:title\" content=\"Parcours des Mondes 2021 - Galerie Flak\" \/>\n<meta property=\"og:url\" content=\"https:\/\/www.galerieflak.com\/en\/?p=37255\" \/>\n<meta property=\"og:site_name\" content=\"Galerie Flak\" \/>\n<meta property=\"article:published_time\" content=\"2021-07-09T09:13:19+00:00\" \/>\n<meta property=\"article:modified_time\" content=\"2022-04-01T16:03:49+00:00\" \/>\n<meta property=\"og:image\" content=\"https:\/\/www.galerieflak.com\/wp-content\/uploads\/2021\/07\/reves-artiques-scaled.jpg\" \/>\n\t<meta property=\"og:image:width\" content=\"1706\" \/>\n\t<meta property=\"og:image:height\" content=\"2560\" \/>\n\t<meta property=\"og:image:type\" content=\"image\/jpeg\" \/>\n<meta name=\"author\" content=\"Julien Flak\" \/>\n<meta name=\"twitter:card\" content=\"summary_large_image\" \/>\n<meta name=\"twitter:label1\" content=\"Written by\" \/>\n\t<meta name=\"twitter:data1\" content=\"Julien Flak\" \/>\n<script type=\"application\/ld+json\" class=\"yoast-schema-graph\">{\"@context\":\"https:\\\/\\\/schema.org\",\"@graph\":[{\"@type\":\"Article\",\"@id\":\"https:\\\/\\\/www.galerieflak.com\\\/?p=37255#article\",\"isPartOf\":{\"@id\":\"https:\\\/\\\/www.galerieflak.com\\\/?p=37255\"},\"author\":{\"name\":\"Julien Flak\",\"@id\":\"https:\\\/\\\/www.galerieflak.com\\\/en\\\/#\\\/schema\\\/person\\\/bc28cc6254ee55dffbda1e130dac0501\"},\"headline\":\"Parcours des Mondes 2021\",\"datePublished\":\"2021-07-09T09:13:19+00:00\",\"dateModified\":\"2022-04-01T16:03:49+00:00\",\"mainEntityOfPage\":{\"@id\":\"https:\\\/\\\/www.galerieflak.com\\\/?p=37255\"},\"wordCount\":3,\"publisher\":{\"@id\":\"https:\\\/\\\/www.galerieflak.com\\\/en\\\/#organization\"},\"image\":{\"@id\":\"https:\\\/\\\/www.galerieflak.com\\\/?p=37255#primaryimage\"},\"thumbnailUrl\":\"https:\\\/\\\/www.galerieflak.com\\\/wp-content\\\/uploads\\\/2021\\\/07\\\/reves-artiques-scaled.jpg\",\"keywords\":[\"Alaska\",\"am\u00e9rindien\",\"Am\u00e9rique du Nord\",\"Arctic dreams\",\"art am\u00e9rindien\",\"eskimo\",\"Fair\",\"far north\",\"grand nord\",\"inuit\",\"native american\",\"native american art\",\"North America\",\"North American art\",\"Okvik\",\"Parcours\",\"Parcours des Mondes\",\"Punuk\",\"r\u00eaves arctiques\",\"show\",\"Thule\"],\"articleSection\":[\"Archives\",\"Exhibitions\"],\"inLanguage\":\"en-US\"},{\"@type\":\"WebPage\",\"@id\":\"https:\\\/\\\/www.galerieflak.com\\\/en\\\/?p=37255\",\"url\":\"https:\\\/\\\/www.galerieflak.com\\\/en\\\/?p=37255\",\"name\":\"Parcours des Mondes 2021 - Galerie Flak\",\"isPartOf\":{\"@id\":\"https:\\\/\\\/www.galerieflak.com\\\/en\\\/#website\"},\"primaryImageOfPage\":{\"@id\":\"https:\\\/\\\/www.galerieflak.com\\\/en\\\/?p=37255#primaryimage\"},\"image\":{\"@id\":\"https:\\\/\\\/www.galerieflak.com\\\/?p=37255#primaryimage\"},\"thumbnailUrl\":\"https:\\\/\\\/www.galerieflak.com\\\/wp-content\\\/uploads\\\/2021\\\/07\\\/reves-artiques-scaled.jpg\",\"datePublished\":\"2021-07-09T09:13:19+00:00\",\"dateModified\":\"2022-04-01T16:03:49+00:00\",\"breadcrumb\":{\"@id\":\"https:\\\/\\\/www.galerieflak.com\\\/en\\\/?p=37255#breadcrumb\"},\"inLanguage\":\"en-US\",\"potentialAction\":[{\"@type\":\"ReadAction\",\"target\":[[\"https:\\\/\\\/www.galerieflak.com\\\/en\\\/?p=37255\"]]}]},{\"@type\":\"ImageObject\",\"inLanguage\":\"en-US\",\"@id\":\"https:\\\/\\\/www.galerieflak.com\\\/en\\\/?p=37255#primaryimage\",\"url\":\"https:\\\/\\\/www.galerieflak.com\\\/wp-content\\\/uploads\\\/2021\\\/07\\\/reves-artiques-scaled.jpg\",\"contentUrl\":\"https:\\\/\\\/www.galerieflak.com\\\/wp-content\\\/uploads\\\/2021\\\/07\\\/reves-artiques-scaled.jpg\",\"width\":1706,\"height\":2560,\"caption\":\"reves artiques scaled\"},{\"@type\":\"BreadcrumbList\",\"@id\":\"https:\\\/\\\/www.galerieflak.com\\\/en\\\/?p=37255#breadcrumb\",\"itemListElement\":[{\"@type\":\"ListItem\",\"position\":1,\"name\":\"Accueil\",\"item\":\"https:\\\/\\\/www.galerieflak.com\\\/en\\\/\"},{\"@type\":\"ListItem\",\"position\":2,\"name\":\"Parcours des Mondes 2021\"}]},{\"@type\":\"WebSite\",\"@id\":\"https:\\\/\\\/www.galerieflak.com\\\/en\\\/#website\",\"url\":\"https:\\\/\\\/www.galerieflak.com\\\/en\\\/\",\"name\":\"Galerie Flak\",\"description\":\"Arts anciens : Afrique, Oc\u00e9anie, Am\u00e9riques\",\"publisher\":{\"@id\":\"https:\\\/\\\/www.galerieflak.com\\\/en\\\/#organization\"},\"potentialAction\":[{\"@type\":\"SearchAction\",\"target\":{\"@type\":\"EntryPoint\",\"urlTemplate\":\"https:\\\/\\\/www.galerieflak.com\\\/en\\\/?s={search_term_string}\"},\"query-input\":{\"@type\":\"PropertyValueSpecification\",\"valueRequired\":true,\"valueName\":\"search_term_string\"}}],\"inLanguage\":\"en-US\"},{\"@type\":\"Organization\",\"@id\":\"https:\\\/\\\/www.galerieflak.com\\\/en\\\/#organization\",\"name\":\"Galerie Flak\",\"url\":\"https:\\\/\\\/www.galerieflak.com\\\/en\\\/\",\"logo\":{\"@type\":\"ImageObject\",\"inLanguage\":\"en-US\",\"@id\":\"https:\\\/\\\/www.galerieflak.com\\\/en\\\/#\\\/schema\\\/logo\\\/image\\\/\",\"url\":\"https:\\\/\\\/www.galerieflak.com\\\/wp-content\\\/uploads\\\/2020\\\/10\\\/logo-flak-grand.svg\",\"contentUrl\":\"https:\\\/\\\/www.galerieflak.com\\\/wp-content\\\/uploads\\\/2020\\\/10\\\/logo-flak-grand.svg\",\"width\":334,\"height\":53,\"caption\":\"Galerie Flak\"},\"image\":{\"@id\":\"https:\\\/\\\/www.galerieflak.com\\\/en\\\/#\\\/schema\\\/logo\\\/image\\\/\"}},{\"@type\":\"Person\",\"@id\":\"https:\\\/\\\/www.galerieflak.com\\\/en\\\/#\\\/schema\\\/person\\\/bc28cc6254ee55dffbda1e130dac0501\",\"name\":\"Julien Flak\",\"url\":\"https:\\\/\\\/www.galerieflak.com\\\/en\\\/author\\\/flak_admin\\\/\"}]}<\/script>\n<!-- \/ Yoast SEO plugin. -->","yoast_head_json":{"title":"Parcours des Mondes 2021 - Galerie Flak","robots":{"index":"index","follow":"follow","max-snippet":"max-snippet:-1","max-image-preview":"max-image-preview:large","max-video-preview":"max-video-preview:-1"},"canonical":"https:\/\/www.galerieflak.com\/en\/?p=37255","og_locale":"en_US","og_type":"article","og_title":"Parcours des Mondes 2021 - Galerie Flak","og_url":"https:\/\/www.galerieflak.com\/en\/?p=37255","og_site_name":"Galerie Flak","article_published_time":"2021-07-09T09:13:19+00:00","article_modified_time":"2022-04-01T16:03:49+00:00","og_image":[{"width":1706,"height":2560,"url":"https:\/\/www.galerieflak.com\/wp-content\/uploads\/2021\/07\/reves-artiques-scaled.jpg","type":"image\/jpeg"}],"author":"Julien Flak","twitter_card":"summary_large_image","twitter_misc":{"Written by":"Julien Flak"},"schema":{"@context":"https:\/\/schema.org","@graph":[{"@type":"Article","@id":"https:\/\/www.galerieflak.com\/?p=37255#article","isPartOf":{"@id":"https:\/\/www.galerieflak.com\/?p=37255"},"author":{"name":"Julien Flak","@id":"https:\/\/www.galerieflak.com\/en\/#\/schema\/person\/bc28cc6254ee55dffbda1e130dac0501"},"headline":"Parcours des Mondes 2021","datePublished":"2021-07-09T09:13:19+00:00","dateModified":"2022-04-01T16:03:49+00:00","mainEntityOfPage":{"@id":"https:\/\/www.galerieflak.com\/?p=37255"},"wordCount":3,"publisher":{"@id":"https:\/\/www.galerieflak.com\/en\/#organization"},"image":{"@id":"https:\/\/www.galerieflak.com\/?p=37255#primaryimage"},"thumbnailUrl":"https:\/\/www.galerieflak.com\/wp-content\/uploads\/2021\/07\/reves-artiques-scaled.jpg","keywords":["Alaska","am\u00e9rindien","Am\u00e9rique du Nord","Arctic dreams","art am\u00e9rindien","eskimo","Fair","far north","grand nord","inuit","native american","native american art","North America","North American art","Okvik","Parcours","Parcours des Mondes","Punuk","r\u00eaves arctiques","show","Thule"],"articleSection":["Archives","Exhibitions"],"inLanguage":"en-US"},{"@type":"WebPage","@id":"https:\/\/www.galerieflak.com\/en\/?p=37255","url":"https:\/\/www.galerieflak.com\/en\/?p=37255","name":"Parcours des Mondes 2021 - Galerie Flak","isPartOf":{"@id":"https:\/\/www.galerieflak.com\/en\/#website"},"primaryImageOfPage":{"@id":"https:\/\/www.galerieflak.com\/en\/?p=37255#primaryimage"},"image":{"@id":"https:\/\/www.galerieflak.com\/?p=37255#primaryimage"},"thumbnailUrl":"https:\/\/www.galerieflak.com\/wp-content\/uploads\/2021\/07\/reves-artiques-scaled.jpg","datePublished":"2021-07-09T09:13:19+00:00","dateModified":"2022-04-01T16:03:49+00:00","breadcrumb":{"@id":"https:\/\/www.galerieflak.com\/en\/?p=37255#breadcrumb"},"inLanguage":"en-US","potentialAction":[{"@type":"ReadAction","target":[["https:\/\/www.galerieflak.com\/en\/?p=37255"]]}]},{"@type":"ImageObject","inLanguage":"en-US","@id":"https:\/\/www.galerieflak.com\/en\/?p=37255#primaryimage","url":"https:\/\/www.galerieflak.com\/wp-content\/uploads\/2021\/07\/reves-artiques-scaled.jpg","contentUrl":"https:\/\/www.galerieflak.com\/wp-content\/uploads\/2021\/07\/reves-artiques-scaled.jpg","width":1706,"height":2560,"caption":"reves artiques scaled"},{"@type":"BreadcrumbList","@id":"https:\/\/www.galerieflak.com\/en\/?p=37255#breadcrumb","itemListElement":[{"@type":"ListItem","position":1,"name":"Accueil","item":"https:\/\/www.galerieflak.com\/en\/"},{"@type":"ListItem","position":2,"name":"Parcours des Mondes 2021"}]},{"@type":"WebSite","@id":"https:\/\/www.galerieflak.com\/en\/#website","url":"https:\/\/www.galerieflak.com\/en\/","name":"Galerie Flak","description":"Arts anciens : Afrique, Oc\u00e9anie, Am\u00e9riques","publisher":{"@id":"https:\/\/www.galerieflak.com\/en\/#organization"},"potentialAction":[{"@type":"SearchAction","target":{"@type":"EntryPoint","urlTemplate":"https:\/\/www.galerieflak.com\/en\/?s={search_term_string}"},"query-input":{"@type":"PropertyValueSpecification","valueRequired":true,"valueName":"search_term_string"}}],"inLanguage":"en-US"},{"@type":"Organization","@id":"https:\/\/www.galerieflak.com\/en\/#organization","name":"Galerie Flak","url":"https:\/\/www.galerieflak.com\/en\/","logo":{"@type":"ImageObject","inLanguage":"en-US","@id":"https:\/\/www.galerieflak.com\/en\/#\/schema\/logo\/image\/","url":"https:\/\/www.galerieflak.com\/wp-content\/uploads\/2020\/10\/logo-flak-grand.svg","contentUrl":"https:\/\/www.galerieflak.com\/wp-content\/uploads\/2020\/10\/logo-flak-grand.svg","width":334,"height":53,"caption":"Galerie Flak"},"image":{"@id":"https:\/\/www.galerieflak.com\/en\/#\/schema\/logo\/image\/"}},{"@type":"Person","@id":"https:\/\/www.galerieflak.com\/en\/#\/schema\/person\/bc28cc6254ee55dffbda1e130dac0501","name":"Julien Flak","url":"https:\/\/www.galerieflak.com\/en\/author\/flak_admin\/"}]}},"_links":{"self":[{"href":"https:\/\/www.galerieflak.com\/en\/wp-json\/wp\/v2\/posts\/37255","targetHints":{"allow":["GET"]}}],"collection":[{"href":"https:\/\/www.galerieflak.com\/en\/wp-json\/wp\/v2\/posts"}],"about":[{"href":"https:\/\/www.galerieflak.com\/en\/wp-json\/wp\/v2\/types\/post"}],"author":[{"embeddable":true,"href":"https:\/\/www.galerieflak.com\/en\/wp-json\/wp\/v2\/users\/2"}],"replies":[{"embeddable":true,"href":"https:\/\/www.galerieflak.com\/en\/wp-json\/wp\/v2\/comments?post=37255"}],"version-history":[{"count":3,"href":"https:\/\/www.galerieflak.com\/en\/wp-json\/wp\/v2\/posts\/37255\/revisions"}],"predecessor-version":[{"id":39878,"href":"https:\/\/www.galerieflak.com\/en\/wp-json\/wp\/v2\/posts\/37255\/revisions\/39878"}],"wp:featuredmedia":[{"embeddable":true,"href":"https:\/\/www.galerieflak.com\/en\/wp-json\/wp\/v2\/media\/37256"}],"wp:attachment":[{"href":"https:\/\/www.galerieflak.com\/en\/wp-json\/wp\/v2\/media?parent=37255"}],"wp:term":[{"taxonomy":"category","embeddable":true,"href":"https:\/\/www.galerieflak.com\/en\/wp-json\/wp\/v2\/categories?post=37255"},{"taxonomy":"post_tag","embeddable":true,"href":"https:\/\/www.galerieflak.com\/en\/wp-json\/wp\/v2\/tags?post=37255"}],"curies":[{"name":"wp","href":"https:\/\/api.w.org\/{rel}","templated":true}]}}